{"id":4836,"date":"2024-06-12T10:45:57","date_gmt":"2024-06-12T15:45:57","guid":{"rendered":"https:\/\/teclemas.edu.ec\/?p=4836"},"modified":"2024-06-12T10:45:57","modified_gmt":"2024-06-12T15:45:57","slug":"jornada-de-integracion-tec-team","status":"publish","type":"post","link":"https:\/\/www.teclemas.edu.ec\/inicio\/jornada-de-integracion-tec-team\/","title":{"rendered":"JORNADA DE INTEGRACI\u00d3N &#8220;TEC TEAM&#8221;"},"content":{"rendered":"\n<p>El 8 de junio, el Tecnol\u00f3gico Lemas celebr\u00f3 con \u00e9xito la Jornada de Integraci\u00f3n &#8220;TEC TEAM&#8221;. Este evento reuni\u00f3 a docentes y personal administrativo en un d\u00eda lleno de actividades dise\u00f1adas para fortalecer la cohesi\u00f3n y el esp\u00edritu de equipo. La jornada incluy\u00f3 din\u00e1micas grupales, talleres y competencias amistosas que promovieron la colaboraci\u00f3n y el compa\u00f1erismo. La participaci\u00f3n entusiasta de todos los asistentes reflej\u00f3 el compromiso del Tecnol\u00f3gico Lemas con la creaci\u00f3n de un ambiente de trabajo armonioso y colaborativo, reafirmando su misi\u00f3n de excelencia educativa.<\/p>\n","protected":false},"excerpt":{"rendered":"<p>El 8 de junio, el Tecnol\u00f3gico Lemas celebr\u00f3 con \u00e9xito la Jornada de Integraci\u00f3n &#8220;TEC TEAM&#8221;. Este evento reuni\u00f3 a docentes y personal administrativo en&nbsp;<a href=\"https:\/\/www.teclemas.edu.ec\/inicio\/jornada-de-integracion-tec-team\/\">&hellip;<\/a><\/p>\n","protected":false},"author":2,"featured_media":4837,"comment_status":"closed","ping_status":"closed","sticky":false,"template":"","format":"standard","meta":{"footnotes":""},"categories":[3],"tags":[],"class_list":["post-4836","post","type-post","status-publish","format-standard","has-post-thumbnail","hentry","category-noticias","odd"],"_links":{"self":[{"href":"https:\/\/www.teclemas.edu.ec\/inicio\/wp-json\/wp\/v2\/posts\/4836","targetHints":{"allow":["GET"]}}],"collection":[{"href":"https:\/\/www.teclemas.edu.ec\/inicio\/wp-json\/wp\/v2\/posts"}],"about":[{"href":"https:\/\/www.teclemas.edu.ec\/inicio\/wp-json\/wp\/v2\/types\/post"}],"author":[{"embeddable":true,"href":"https:\/\/www.teclemas.edu.ec\/inicio\/wp-json\/wp\/v2\/users\/2"}],"replies":[{"embeddable":true,"href":"https:\/\/www.teclemas.edu.ec\/inicio\/wp-json\/wp\/v2\/comments?post=4836"}],"version-history":[{"count":0,"href":"https:\/\/www.teclemas.edu.ec\/inicio\/wp-json\/wp\/v2\/posts\/4836\/revisions"}],"wp:featuredmedia":[{"embeddable":true,"href":"https:\/\/www.teclemas.edu.ec\/inicio\/wp-json\/wp\/v2\/media\/4837"}],"wp:attachment":[{"href":"https:\/\/www.teclemas.edu.ec\/inicio\/wp-json\/wp\/v2\/media?parent=4836"}],"wp:term":[{"taxonomy":"category","embeddable":true,"href":"https:\/\/www.teclemas.edu.ec\/inicio\/wp-json\/wp\/v2\/categories?post=4836"},{"taxonomy":"post_tag","embeddable":true,"href":"https:\/\/www.teclemas.edu.ec\/inicio\/wp-json\/wp\/v2\/tags?post=4836"}],"curies":[{"name":"wp","href":"https:\/\/api.w.org\/{rel}","templated":true}]}}