{"id":6133,"date":"2025-05-30T08:29:38","date_gmt":"2025-05-30T13:29:38","guid":{"rendered":"https:\/\/www.teclemas.edu.ec\/inicio\/?p=6133"},"modified":"2025-05-30T12:00:51","modified_gmt":"2025-05-30T17:00:51","slug":"teclemas-gradua-a-la-primera-promocion-de-tecnologos-en-neuroeducacion-del-pais","status":"publish","type":"post","link":"https:\/\/www.teclemas.edu.ec\/inicio\/teclemas-gradua-a-la-primera-promocion-de-tecnologos-en-neuroeducacion-del-pais\/","title":{"rendered":"TECLEMAS GRAD\u00daA A LA PRIMERA PROMOCI\u00d3N DE TECN\u00d3LOGOS EN NEUROEDUCACI\u00d3N DEL PA\u00cdS"},"content":{"rendered":"\t\t<div data-elementor-type=\"wp-post\" data-elementor-id=\"6133\" class=\"elementor elementor-6133\" data-elementor-post-type=\"post\">\n\t\t\t\t<div class=\"elementor-element elementor-element-6276a360 e-flex e-con-boxed e-con e-parent\" data-id=\"6276a360\" data-element_type=\"container\" data-e-type=\"container\">\n\t\t\t\t\t<div class=\"e-con-inner\">\n\t\t\t\t<div class=\"elementor-element elementor-element-7c17dac2 elementor-widget elementor-widget-text-editor\" data-id=\"7c17dac2\" data-element_type=\"widget\" data-e-type=\"widget\" data-widget_type=\"text-editor.default\">\n\t\t\t\t<div class=\"elementor-widget-container\">\n\t\t\t\t\t\t\t\t\t<p>El Instituto Superior Tecnol\u00f3gico TECLEMAS celebra con orgullo la graduaci\u00f3n de la primera promoci\u00f3n de la carrera de Tecnolog\u00eda Superior en Neuroeducaci\u00f3n, marcando un hito en la educaci\u00f3n ecuatoriana al ser la primera instituci\u00f3n en ofrecer esta innovadora formaci\u00f3n profesional.<\/p><p>La Neuroeducaci\u00f3n es una disciplina que integra la neurociencia, la pedagog\u00eda y la psicolog\u00eda, permitiendo a los profesionales comprender y aplicar estrategias que potencien el aprendizaje desde una perspectiva integral. Los graduados de esta carrera est\u00e1n capacitados para dise\u00f1ar modelos de ense\u00f1anza que consideren las necesidades cognitivas y emocionales de los estudiantes, promoviendo una educaci\u00f3n m\u00e1s efectiva y personalizada.<\/p><p>Durante la ceremonia de graduaci\u00f3n, las estudiantes entregaron una placa de agradeciemiento a la instituci\u00f3n por permitirles impulsar sus conocimientos y desafiar sus habilidades. Adem\u00e1s, las autoridades acad\u00e9micas destacaron el compromiso y la dedicaci\u00f3n de los nuevos tecn\u00f3logos, quienes, a lo largo de dos a\u00f1os de formaci\u00f3n en modalidad en l\u00ednea y horario ejecutivo, desarrollaron competencias en:<\/p><ul><li>Elaboraci\u00f3n e interpretaci\u00f3n de evaluaciones para el an\u00e1lisis en instituciones educativas.<\/li><li>Dise\u00f1o de modelos de ense\u00f1anza para mejorar los procesos de ense\u00f1anza-aprendizaje.<\/li><li>Identificaci\u00f3n y aplicaci\u00f3n de estrategias que satisfagan las necesidades de los estudiantes en diversos entornos educativos.<\/li><li>Aplicaci\u00f3n de formas de comunicaci\u00f3n estrat\u00e9gicas basadas en la plasticidad neuronal y los avances de la neurociencia.<\/li><\/ul><p>Los nuevos tecn\u00f3logos est\u00e1n preparados para desempe\u00f1arse como profesores en educaci\u00f3n inicial hasta bachillerato, mentores, tutores, coordinadores de \u00e1rea, asesores acad\u00e9micos, gestores de proyectos de desarrollo infantil, juvenil, familiar y comunitario, as\u00ed como promotores de programas neuroeducativos en diversos contextos.<\/p><p>Con m\u00e1s de 40 a\u00f1os de respaldo en experiencia en el sector educativo, TECLEMAS reafirma su compromiso con la innovaci\u00f3n y la formaci\u00f3n de profesionales que respondan a las necesidades actuales de la sociedad.<\/p><p><strong>\u00a1Felicitaciones a nuestros primeros Tecn\u00f3logos Superiores en Neuroeducaci\u00f3n!<\/strong><br \/>Su labor ser\u00e1 fundamental para transformar la educaci\u00f3n en el pa\u00eds.<\/p>\t\t\t\t\t\t\t\t<\/div>\n\t\t\t\t<\/div>\n\t\t\t\t\t<\/div>\n\t\t\t\t<\/div>\n\t\t\t\t<\/div>\n\t\t","protected":false},"excerpt":{"rendered":"<p>El Instituto Superior Tecnol\u00f3gico TECLEMAS celebra con orgullo la graduaci\u00f3n de la primera promoci\u00f3n de la carrera de Tecnolog\u00eda Superior en Neuroeducaci\u00f3n, marcando un hito&nbsp;<a href=\"https:\/\/www.teclemas.edu.ec\/inicio\/teclemas-gradua-a-la-primera-promocion-de-tecnologos-en-neuroeducacion-del-pais\/\">&hellip;<\/a><\/p>\n","protected":false},"author":5,"featured_media":6148,"comment_status":"closed","ping_status":"closed","sticky":false,"template":"","format":"standard","meta":{"footnotes":""},"categories":[3],"tags":[],"class_list":["post-6133","post","type-post","status-publish","format-standard","has-post-thumbnail","hentry","category-noticias","odd"],"_links":{"self":[{"href":"https:\/\/www.teclemas.edu.ec\/inicio\/wp-json\/wp\/v2\/posts\/6133","targetHints":{"allow":["GET"]}}],"collection":[{"href":"https:\/\/www.teclemas.edu.ec\/inicio\/wp-json\/wp\/v2\/posts"}],"about":[{"href":"https:\/\/www.teclemas.edu.ec\/inicio\/wp-json\/wp\/v2\/types\/post"}],"author":[{"embeddable":true,"href":"https:\/\/www.teclemas.edu.ec\/inicio\/wp-json\/wp\/v2\/users\/5"}],"replies":[{"embeddable":true,"href":"https:\/\/www.teclemas.edu.ec\/inicio\/wp-json\/wp\/v2\/comments?post=6133"}],"version-history":[{"count":8,"href":"https:\/\/www.teclemas.edu.ec\/inicio\/wp-json\/wp\/v2\/posts\/6133\/revisions"}],"predecessor-version":[{"id":6144,"href":"https:\/\/www.teclemas.edu.ec\/inicio\/wp-json\/wp\/v2\/posts\/6133\/revisions\/6144"}],"wp:featuredmedia":[{"embeddable":true,"href":"https:\/\/www.teclemas.edu.ec\/inicio\/wp-json\/wp\/v2\/media\/6148"}],"wp:attachment":[{"href":"https:\/\/www.teclemas.edu.ec\/inicio\/wp-json\/wp\/v2\/media?parent=6133"}],"wp:term":[{"taxonomy":"category","embeddable":true,"href":"https:\/\/www.teclemas.edu.ec\/inicio\/wp-json\/wp\/v2\/categories?post=6133"},{"taxonomy":"post_tag","embeddable":true,"href":"https:\/\/www.teclemas.edu.ec\/inicio\/wp-json\/wp\/v2\/tags?post=6133"}],"curies":[{"name":"wp","href":"https:\/\/api.w.org\/{rel}","templated":true}]}}