{"id":6871,"date":"2025-08-22T12:10:58","date_gmt":"2025-08-22T17:10:58","guid":{"rendered":"https:\/\/www.teclemas.edu.ec\/inicio\/?p=6871"},"modified":"2026-03-10T15:42:44","modified_gmt":"2026-03-10T20:42:44","slug":"resultados-evaluacion-docente-a25","status":"publish","type":"post","link":"https:\/\/www.teclemas.edu.ec\/inicio\/resultados-evaluacion-docente-a25\/","title":{"rendered":"Resultados Evaluaci\u00f3n Docente A25"},"content":{"rendered":"\t\t<div data-elementor-type=\"wp-post\" data-elementor-id=\"6871\" class=\"elementor elementor-6871\" data-elementor-post-type=\"post\">\n\t\t\t\t<div class=\"elementor-element elementor-element-6276a360 e-flex e-con-boxed e-con e-parent\" data-id=\"6276a360\" data-element_type=\"container\" data-e-type=\"container\">\n\t\t\t\t\t<div class=\"e-con-inner\">\n\t\t\t\t<div class=\"elementor-element elementor-element-7c17dac2 elementor-widget elementor-widget-text-editor\" data-id=\"7c17dac2\" data-element_type=\"widget\" data-e-type=\"widget\" data-widget_type=\"text-editor.default\">\n\t\t\t\t<div class=\"elementor-widget-container\">\n\t\t\t\t\t\t\t\t\t<p>El <strong data-start=\"133\" data-end=\"173\">Instituto Superior Tecnol\u00f3gico LEMAS<\/strong> reconoce y felicita a los docentes que han alcanzado las <strong data-start=\"231\" data-end=\"334\">mejores calificaciones en el proceso de Evaluaci\u00f3n Docente correspondiente al per\u00edodo acad\u00e9mico A25<\/strong>. Este proceso se desarrolla de manera integral mediante los componentes de <strong data-start=\"410\" data-end=\"461\">autoevaluaci\u00f3n, heteroevaluaci\u00f3n y coevaluaci\u00f3n<\/strong>, permitiendo valorar de forma objetiva y participativa el desempe\u00f1o acad\u00e9mico y pedag\u00f3gico de los docentes. Los resultados obtenidos reflejan su compromiso permanente con la <strong data-start=\"636\" data-end=\"736\">excelencia acad\u00e9mica, la calidad en la ense\u00f1anza y la formaci\u00f3n integral de nuestros estudiantes<\/strong>. Su dedicaci\u00f3n, responsabilidad y vocaci\u00f3n educativa constituyen un pilar fundamental para el fortalecimiento del proceso formativo institucional y evidencian el impacto positivo de su labor en el desarrollo acad\u00e9mico de la comunidad educativa.<\/p>\t\t\t\t\t\t\t\t<\/div>\n\t\t\t\t<\/div>\n\t\t\t\t\t<\/div>\n\t\t\t\t<\/div>\n\t\t<div class=\"elementor-element elementor-element-5b6ff44 e-flex e-con-boxed e-con e-parent\" data-id=\"5b6ff44\" data-element_type=\"container\" data-e-type=\"container\">\n\t\t\t\t\t<div class=\"e-con-inner\">\n\t\t<div class=\"elementor-element elementor-element-feb8b51 e-con-full e-flex e-con e-child\" data-id=\"feb8b51\" data-element_type=\"container\" data-e-type=\"container\">\n\t\t\t\t<div class=\"elementor-element elementor-element-5111de3 elementor-widget elementor-widget-text-editor\" data-id=\"5111de3\" data-element_type=\"widget\" data-e-type=\"widget\" data-widget_type=\"text-editor.default\">\n\t\t\t\t<div class=\"elementor-widget-container\">\n\t\t\t\t\t\t\t\t\t<h3 data-section-id=\"1wduvp1\" data-start=\"779\" data-end=\"836\">Mart\u00ednez Vergara Mario Rolando \u2013 Marketing (99,8)<\/h3><p data-start=\"838\" data-end=\"1378\"><strong data-start=\"838\" data-end=\"872\">Mart\u00ednez Vergara Mario Rolando<\/strong>, docente de la carrera de <strong data-start=\"899\" data-end=\"912\">Marketing<\/strong>, obtuvo la sobresaliente calificaci\u00f3n de <strong data-start=\"954\" data-end=\"962\">99,8<\/strong> en el proceso de <strong data-start=\"980\" data-end=\"1043\">Evaluaci\u00f3n Docente correspondiente al per\u00edodo acad\u00e9mico A25<\/strong>. Este logro destaca su excelencia pedag\u00f3gica, su liderazgo en el aula y su capacidad para conectar los conocimientos te\u00f3ricos con la pr\u00e1ctica profesional del marketing. Su dedicaci\u00f3n y compromiso con la calidad educativa contribuyen significativamente al fortalecimiento de la formaci\u00f3n estrat\u00e9gica y creativa de nuestros estudiantes.<\/p>\t\t\t\t\t\t\t\t<\/div>\n\t\t\t\t<\/div>\n\t\t\t\t<\/div>\n\t\t<div class=\"elementor-element elementor-element-4fc7fca e-con-full e-flex e-con e-child\" data-id=\"4fc7fca\" data-element_type=\"container\" data-e-type=\"container\">\n\t\t\t\t<div class=\"elementor-element elementor-element-5e4e80c elementor-widget elementor-widget-image\" data-id=\"5e4e80c\" data-element_type=\"widget\" data-e-type=\"widget\" data-widget_type=\"image.default\">\n\t\t\t\t<div class=\"elementor-widget-container\">\n\t\t\t\t\t\t\t\t\t\t\t\t\t\t\t\t<a href=\"https:\/\/www.teclemas.edu.ec\/inicio\/wp-content\/uploads\/2024\/06\/Mario-Rolando-Martinez-Vergara.jpg\" data-elementor-open-lightbox=\"yes\" data-elementor-lightbox-title=\"Mario Rolando Mart\u00ednez Vergara\" data-e-action-hash=\"#elementor-action%3Aaction%3Dlightbox%26settings%3DeyJpZCI6NDg2MSwidXJsIjoiaHR0cHM6XC9cL3d3dy50ZWNsZW1hcy5lZHUuZWNcL2luaWNpb1wvd3AtY29udGVudFwvdXBsb2Fkc1wvMjAyNFwvMDZcL01hcmlvLVJvbGFuZG8tTWFydGluZXotVmVyZ2FyYS5qcGcifQ%3D%3D\">\n\t\t\t\t\t\t\t<img fetchpriority=\"high\" decoding=\"async\" width=\"680\" height=\"680\" src=\"https:\/\/www.teclemas.edu.ec\/inicio\/wp-content\/uploads\/2024\/06\/Mario-Rolando-Martinez-Vergara-680x680.jpg\" class=\"attachment-large size-large wp-image-4861\" alt=\"\" srcset=\"https:\/\/www.teclemas.edu.ec\/inicio\/wp-content\/uploads\/2024\/06\/Mario-Rolando-Martinez-Vergara.jpg 680w, https:\/\/www.teclemas.edu.ec\/inicio\/wp-content\/uploads\/2024\/06\/Mario-Rolando-Martinez-Vergara-150x150.jpg 150w, https:\/\/www.teclemas.edu.ec\/inicio\/wp-content\/uploads\/2024\/06\/Mario-Rolando-Martinez-Vergara-300x300.jpg 300w\" sizes=\"(max-width: 680px) 100vw, 680px\" \/>\t\t\t\t\t\t\t\t<\/a>\n\t\t\t\t\t\t\t\t\t\t\t\t\t\t\t<\/div>\n\t\t\t\t<\/div>\n\t\t\t\t<\/div>\n\t\t\t\t\t<\/div>\n\t\t\t\t<\/div>\n\t\t<div class=\"elementor-element elementor-element-1d2d46e e-flex e-con-boxed e-con e-parent\" data-id=\"1d2d46e\" data-element_type=\"container\" data-e-type=\"container\">\n\t\t\t\t\t<div class=\"e-con-inner\">\n\t\t<div class=\"elementor-element elementor-element-417dcd6 e-con-full e-flex e-con e-child\" data-id=\"417dcd6\" data-element_type=\"container\" data-e-type=\"container\">\n\t\t\t\t<div class=\"elementor-element elementor-element-26c81e9 elementor-widget elementor-widget-image\" data-id=\"26c81e9\" data-element_type=\"widget\" data-e-type=\"widget\" data-widget_type=\"image.default\">\n\t\t\t\t<div class=\"elementor-widget-container\">\n\t\t\t\t\t\t\t\t\t\t\t\t\t\t\t\t<a href=\"https:\/\/www.teclemas.edu.ec\/inicio\/wp-content\/uploads\/2025\/11\/Alfonso-web-scaled.png\" data-elementor-open-lightbox=\"yes\" data-elementor-lightbox-title=\"Alfonso - web\" data-e-action-hash=\"#elementor-action%3Aaction%3Dlightbox%26settings%3DeyJpZCI6NjcxMSwidXJsIjoiaHR0cHM6XC9cL3d3dy50ZWNsZW1hcy5lZHUuZWNcL2luaWNpb1wvd3AtY29udGVudFwvdXBsb2Fkc1wvMjAyNVwvMTFcL0FsZm9uc28td2ViLXNjYWxlZC5wbmcifQ%3D%3D\">\n\t\t\t\t\t\t\t<img decoding=\"async\" width=\"1024\" height=\"1024\" src=\"https:\/\/www.teclemas.edu.ec\/inicio\/wp-content\/uploads\/2025\/11\/Alfonso-web-1024x1024.png\" class=\"attachment-large size-large wp-image-6711\" alt=\"\" srcset=\"https:\/\/www.teclemas.edu.ec\/inicio\/wp-content\/uploads\/2025\/11\/Alfonso-web-1024x1024.png 1024w, https:\/\/www.teclemas.edu.ec\/inicio\/wp-content\/uploads\/2025\/11\/Alfonso-web-300x300.png 300w, https:\/\/www.teclemas.edu.ec\/inicio\/wp-content\/uploads\/2025\/11\/Alfonso-web-150x150.png 150w, https:\/\/www.teclemas.edu.ec\/inicio\/wp-content\/uploads\/2025\/11\/Alfonso-web-768x768.png 768w, https:\/\/www.teclemas.edu.ec\/inicio\/wp-content\/uploads\/2025\/11\/Alfonso-web-1536x1536.png 1536w, https:\/\/www.teclemas.edu.ec\/inicio\/wp-content\/uploads\/2025\/11\/Alfonso-web-2048x2048.png 2048w, https:\/\/www.teclemas.edu.ec\/inicio\/wp-content\/uploads\/2025\/11\/Alfonso-web-420x420.png 420w\" sizes=\"(max-width: 1024px) 100vw, 1024px\" \/>\t\t\t\t\t\t\t\t<\/a>\n\t\t\t\t\t\t\t\t\t\t\t\t\t\t\t<\/div>\n\t\t\t\t<\/div>\n\t\t\t\t<\/div>\n\t\t<div class=\"elementor-element elementor-element-90eb442 e-con-full e-flex e-con e-child\" data-id=\"90eb442\" data-element_type=\"container\" data-e-type=\"container\">\n\t\t\t\t<div class=\"elementor-element elementor-element-d9c0694 elementor-widget elementor-widget-text-editor\" data-id=\"d9c0694\" data-element_type=\"widget\" data-e-type=\"widget\" data-widget_type=\"text-editor.default\">\n\t\t\t\t<div class=\"elementor-widget-container\">\n\t\t\t\t\t\t\t\t\t<h3 data-start=\"149\" data-end=\"229\"><strong data-start=\"149\" data-end=\"227\">Quiroz Moncerrad Jonathan Francisco \u2013 Administraci\u00f3n Financiera (99,8)<\/strong><\/h3><p data-start=\"231\" data-end=\"839\"><strong data-start=\"231\" data-end=\"270\">Quiroz Moncerrad Jonathan Francisco<\/strong>, docente de la carrera de <strong data-start=\"297\" data-end=\"326\">Administraci\u00f3n Financiera<\/strong>, alcanz\u00f3 la sobresaliente calificaci\u00f3n de <strong data-start=\"369\" data-end=\"377\">99,8<\/strong> en el proceso de <strong data-start=\"395\" data-end=\"458\" data-is-only-node=\"\">Evaluaci\u00f3n Docente correspondiente al per\u00edodo acad\u00e9mico A25<\/strong>. Este resultado <strong data-start=\"15\" data-end=\"53\">resalta su valiosa labor formativa<\/strong>, su compromiso con la calidad acad\u00e9mica y su capacidad para orientar a los estudiantes en el desarrollo de habilidades anal\u00edticas y de gesti\u00f3n financiera.\u00a0<\/p>\t\t\t\t\t\t\t\t<\/div>\n\t\t\t\t<\/div>\n\t\t\t\t<\/div>\n\t\t\t\t\t<\/div>\n\t\t\t\t<\/div>\n\t\t<div class=\"elementor-element elementor-element-51c532f e-flex e-con-boxed e-con e-parent\" data-id=\"51c532f\" data-element_type=\"container\" data-e-type=\"container\">\n\t\t\t\t\t<div class=\"e-con-inner\">\n\t\t<div class=\"elementor-element elementor-element-297db72 e-con-full e-flex e-con e-child\" data-id=\"297db72\" data-element_type=\"container\" data-e-type=\"container\">\n\t\t\t\t<div class=\"elementor-element elementor-element-a8eadb8 elementor-widget elementor-widget-text-editor\" data-id=\"a8eadb8\" data-element_type=\"widget\" data-e-type=\"widget\" data-widget_type=\"text-editor.default\">\n\t\t\t\t<div class=\"elementor-widget-container\">\n\t\t\t\t\t\t\t\t\t<h3 data-start=\"0\" data-end=\"63\"><strong data-start=\"0\" data-end=\"61\">Coello Contreras Renato Emanuel \u2013 Neuroeducaci\u00f3n (99)<\/strong><\/h3><p data-start=\"65\" data-end=\"688\" data-is-last-node=\"\" data-is-only-node=\"\"><strong data-start=\"65\" data-end=\"100\">Coello Contreras Renato Emanuel<\/strong>, docente de la carrera de <strong data-start=\"127\" data-end=\"145\" data-is-only-node=\"\">Neuroeducaci\u00f3n<\/strong>, alcanz\u00f3 una calificaci\u00f3n de <strong data-start=\"175\" data-end=\"181\">99<\/strong> en el proceso de <strong data-start=\"199\" data-end=\"262\">Evaluaci\u00f3n Docente correspondiente al per\u00edodo acad\u00e9mico A25<\/strong>. Este reconocimiento refleja su dedicaci\u00f3n al fortalecimiento de pr\u00e1cticas pedag\u00f3gicas basadas en el conocimiento del funcionamiento del cerebro y los procesos de aprendizaje. Su trabajo acad\u00e9mico se caracteriza por promover metodolog\u00edas innovadoras, pensamiento cr\u00edtico y una ense\u00f1anza orientada al desarrollo integral de los estudiantes, aportando de manera significativa al crecimiento acad\u00e9mico de la comunidad educativa.<\/p>\t\t\t\t\t\t\t\t<\/div>\n\t\t\t\t<\/div>\n\t\t\t\t<\/div>\n\t\t<div class=\"elementor-element elementor-element-d00c9be e-con-full e-flex e-con e-child\" data-id=\"d00c9be\" data-element_type=\"container\" data-e-type=\"container\">\n\t\t\t\t<div class=\"elementor-element elementor-element-5eb0a4b elementor-widget elementor-widget-image\" data-id=\"5eb0a4b\" data-element_type=\"widget\" data-e-type=\"widget\" data-widget_type=\"image.default\">\n\t\t\t\t<div class=\"elementor-widget-container\">\n\t\t\t\t\t\t\t\t\t\t\t\t\t\t\t\t<a href=\"https:\/\/www.teclemas.edu.ec\/inicio\/wp-content\/uploads\/2026\/01\/4.png\" data-elementor-open-lightbox=\"yes\" data-elementor-lightbox-title=\"4\" data-e-action-hash=\"#elementor-action%3Aaction%3Dlightbox%26settings%3DeyJpZCI6Njc3NywidXJsIjoiaHR0cHM6XC9cL3d3dy50ZWNsZW1hcy5lZHUuZWNcL2luaWNpb1wvd3AtY29udGVudFwvdXBsb2Fkc1wvMjAyNlwvMDFcLzQucG5nIn0%3D\">\n\t\t\t\t\t\t\t<img decoding=\"async\" width=\"680\" height=\"680\" src=\"https:\/\/www.teclemas.edu.ec\/inicio\/wp-content\/uploads\/2026\/01\/4.png\" class=\"attachment-large size-large wp-image-6777\" alt=\"\" srcset=\"https:\/\/www.teclemas.edu.ec\/inicio\/wp-content\/uploads\/2026\/01\/4.png 680w, https:\/\/www.teclemas.edu.ec\/inicio\/wp-content\/uploads\/2026\/01\/4-300x300.png 300w, https:\/\/www.teclemas.edu.ec\/inicio\/wp-content\/uploads\/2026\/01\/4-150x150.png 150w, https:\/\/www.teclemas.edu.ec\/inicio\/wp-content\/uploads\/2026\/01\/4-420x420.png 420w\" sizes=\"(max-width: 680px) 100vw, 680px\" \/>\t\t\t\t\t\t\t\t<\/a>\n\t\t\t\t\t\t\t\t\t\t\t\t\t\t\t<\/div>\n\t\t\t\t<\/div>\n\t\t\t\t<\/div>\n\t\t\t\t\t<\/div>\n\t\t\t\t<\/div>\n\t\t<div class=\"elementor-element elementor-element-fecbf8a e-flex e-con-boxed e-con e-parent\" data-id=\"fecbf8a\" data-element_type=\"container\" data-e-type=\"container\">\n\t\t\t\t\t<div class=\"e-con-inner\">\n\t\t<div class=\"elementor-element elementor-element-5108755 e-con-full e-flex e-con e-child\" data-id=\"5108755\" data-element_type=\"container\" data-e-type=\"container\">\n\t\t\t\t<div class=\"elementor-element elementor-element-47ab1f0 elementor-widget elementor-widget-image\" data-id=\"47ab1f0\" data-element_type=\"widget\" data-e-type=\"widget\" data-widget_type=\"image.default\">\n\t\t\t\t<div class=\"elementor-widget-container\">\n\t\t\t\t\t\t\t\t\t\t\t\t\t\t\t\t<a href=\"https:\/\/www.teclemas.edu.ec\/inicio\/wp-content\/uploads\/2025\/11\/otro-web-scaled.png\" data-elementor-open-lightbox=\"yes\" data-elementor-lightbox-title=\"otro - web\" data-e-action-hash=\"#elementor-action%3Aaction%3Dlightbox%26settings%3DeyJpZCI6NjcxNCwidXJsIjoiaHR0cHM6XC9cL3d3dy50ZWNsZW1hcy5lZHUuZWNcL2luaWNpb1wvd3AtY29udGVudFwvdXBsb2Fkc1wvMjAyNVwvMTFcL290cm8td2ViLXNjYWxlZC5wbmcifQ%3D%3D\">\n\t\t\t\t\t\t\t<img loading=\"lazy\" decoding=\"async\" width=\"1024\" height=\"1024\" src=\"https:\/\/www.teclemas.edu.ec\/inicio\/wp-content\/uploads\/2025\/11\/otro-web-1024x1024.png\" class=\"attachment-large size-large wp-image-6714\" alt=\"\" srcset=\"https:\/\/www.teclemas.edu.ec\/inicio\/wp-content\/uploads\/2025\/11\/otro-web-1024x1024.png 1024w, https:\/\/www.teclemas.edu.ec\/inicio\/wp-content\/uploads\/2025\/11\/otro-web-300x300.png 300w, https:\/\/www.teclemas.edu.ec\/inicio\/wp-content\/uploads\/2025\/11\/otro-web-150x150.png 150w, https:\/\/www.teclemas.edu.ec\/inicio\/wp-content\/uploads\/2025\/11\/otro-web-768x768.png 768w, https:\/\/www.teclemas.edu.ec\/inicio\/wp-content\/uploads\/2025\/11\/otro-web-1536x1536.png 1536w, https:\/\/www.teclemas.edu.ec\/inicio\/wp-content\/uploads\/2025\/11\/otro-web-2048x2048.png 2048w, https:\/\/www.teclemas.edu.ec\/inicio\/wp-content\/uploads\/2025\/11\/otro-web-420x420.png 420w\" sizes=\"(max-width: 1024px) 100vw, 1024px\" \/>\t\t\t\t\t\t\t\t<\/a>\n\t\t\t\t\t\t\t\t\t\t\t\t\t\t\t<\/div>\n\t\t\t\t<\/div>\n\t\t\t\t<\/div>\n\t\t<div class=\"elementor-element elementor-element-d5fb32e e-con-full e-flex e-con e-child\" data-id=\"d5fb32e\" data-element_type=\"container\" data-e-type=\"container\">\n\t\t\t\t<div class=\"elementor-element elementor-element-b3800e6 elementor-widget elementor-widget-text-editor\" data-id=\"b3800e6\" data-element_type=\"widget\" data-e-type=\"widget\" data-widget_type=\"text-editor.default\">\n\t\t\t\t<div class=\"elementor-widget-container\">\n\t\t\t\t\t\t\t\t\t<h3 data-section-id=\"1as2qua\" data-start=\"142\" data-end=\"207\">G\u00f3mez Assan Julio Ernesto \u2013 Desarrollo de Software (98,2)<\/h3><p data-start=\"209\" data-end=\"772\"><strong data-start=\"209\" data-end=\"238\">G\u00f3mez Assan Julio Ernesto<\/strong>, docente de la carrera de <strong data-start=\"265\" data-end=\"291\">Desarrollo de Software<\/strong>, alcanz\u00f3 una destacada calificaci\u00f3n de <strong data-start=\"331\" data-end=\"339\">98,2<\/strong> en el proceso de <strong data-start=\"357\" data-end=\"405\">Evaluaci\u00f3n Docente del per\u00edodo acad\u00e9mico A25<\/strong>. Este resultado evidencia su s\u00f3lida labor acad\u00e9mica, su capacidad para transmitir conocimientos t\u00e9cnicos con claridad y su compromiso permanente con la formaci\u00f3n de futuros profesionales del \u00e1rea tecnol\u00f3gica. Su desempe\u00f1o refleja una pr\u00e1ctica docente orientada a la innovaci\u00f3n, el pensamiento l\u00f3gico y el desarrollo de competencias clave para el sector del software.<\/p>\t\t\t\t\t\t\t\t<\/div>\n\t\t\t\t<\/div>\n\t\t\t\t<\/div>\n\t\t\t\t\t<\/div>\n\t\t\t\t<\/div>\n\t\t\t\t<\/div>\n\t\t","protected":false},"excerpt":{"rendered":"<p>El Instituto Superior Tecnol\u00f3gico LEMAS reconoce y felicita a los docentes que han alcanzado las mejores calificaciones en el proceso de Evaluaci\u00f3n Docente correspondiente al&nbsp;<a href=\"https:\/\/www.teclemas.edu.ec\/inicio\/resultados-evaluacion-docente-a25\/\">&hellip;<\/a><\/p>\n","protected":false},"author":5,"featured_media":6874,"comment_status":"closed","ping_status":"closed","sticky":false,"template":"","format":"standard","meta":{"footnotes":""},"categories":[3],"tags":[],"class_list":["post-6871","post","type-post","status-publish","format-standard","has-post-thumbnail","hentry","category-noticias","odd"],"_links":{"self":[{"href":"https:\/\/www.teclemas.edu.ec\/inicio\/wp-json\/wp\/v2\/posts\/6871","targetHints":{"allow":["GET"]}}],"collection":[{"href":"https:\/\/www.teclemas.edu.ec\/inicio\/wp-json\/wp\/v2\/posts"}],"about":[{"href":"https:\/\/www.teclemas.edu.ec\/inicio\/wp-json\/wp\/v2\/types\/post"}],"author":[{"embeddable":true,"href":"https:\/\/www.teclemas.edu.ec\/inicio\/wp-json\/wp\/v2\/users\/5"}],"replies":[{"embeddable":true,"href":"https:\/\/www.teclemas.edu.ec\/inicio\/wp-json\/wp\/v2\/comments?post=6871"}],"version-history":[{"count":29,"href":"https:\/\/www.teclemas.edu.ec\/inicio\/wp-json\/wp\/v2\/posts\/6871\/revisions"}],"predecessor-version":[{"id":6905,"href":"https:\/\/www.teclemas.edu.ec\/inicio\/wp-json\/wp\/v2\/posts\/6871\/revisions\/6905"}],"wp:featuredmedia":[{"embeddable":true,"href":"https:\/\/www.teclemas.edu.ec\/inicio\/wp-json\/wp\/v2\/media\/6874"}],"wp:attachment":[{"href":"https:\/\/www.teclemas.edu.ec\/inicio\/wp-json\/wp\/v2\/media?parent=6871"}],"wp:term":[{"taxonomy":"category","embeddable":true,"href":"https:\/\/www.teclemas.edu.ec\/inicio\/wp-json\/wp\/v2\/categories?post=6871"},{"taxonomy":"post_tag","embeddable":true,"href":"https:\/\/www.teclemas.edu.ec\/inicio\/wp-json\/wp\/v2\/tags?post=6871"}],"curies":[{"name":"wp","href":"https:\/\/api.w.org\/{rel}","templated":true}]}}